{"id":1341,"date":"2020-10-20T13:47:03","date_gmt":"2020-10-20T16:47:03","guid":{"rendered":"https:\/\/www.viamed.com.br\/informativo\/?p=1341"},"modified":"2020-10-20T13:48:34","modified_gmt":"2020-10-20T16:48:34","slug":"cuidar-de-voce-na-quarentena-e-sinal-de-autoestima","status":"publish","type":"post","link":"https:\/\/www.viamed.com.br\/informativo\/2020\/10\/20\/cuidar-de-voce-na-quarentena-e-sinal-de-autoestima\/","title":{"rendered":"Cuidar de voc\u00ea na quarentena \u00e9 sinal de autoestima"},"content":{"rendered":"\n<figure class=\"wp-block-image size-large is-resized\"><img loading=\"lazy\" decoding=\"async\" src=\"https:\/\/www.viamed.com.br\/informativo\/wp-content\/uploads\/2020\/10\/22b6967f-8c4f-434d-9b2f-69195656895a.jpg\" alt=\"\" class=\"wp-image-1342\" width=\"422\" height=\"249\" srcset=\"https:\/\/www.viamed.com.br\/informativo\/wp-content\/uploads\/2020\/10\/22b6967f-8c4f-434d-9b2f-69195656895a.jpg 720w, https:\/\/www.viamed.com.br\/informativo\/wp-content\/uploads\/2020\/10\/22b6967f-8c4f-434d-9b2f-69195656895a-300x178.jpg 300w\" sizes=\"auto, (max-width: 422px) 100vw, 422px\" \/><figcaption>Foto:  foto: silviarita\/Pixabay ) <\/figcaption><\/figure>\n\n\n\n<p>Sem exageros, o cuidado com a apar\u00eancia \u00e9 um cart\u00e3o de visitas para a felicidade. \u00c9 um aliado para controlar o estresse e a ansiedade, al\u00e9m de aten\u00e7\u00e3o com a sa\u00fade<\/p>\n\n\n\n<p> Para quem est\u00e1 sempre atr\u00e1s da\u00a0<strong>felicidade,<\/strong>\u00a0talvez valesse a pena deixar de procurar, se aquietar, passar um tempo consigo para perceber que ela come\u00e7a estando bem, curtindo\u00a0<strong>voc\u00ea<\/strong>\u00a0mesmo. O alerta \u00e9 da psicopedagoga Cl\u00e1udia Assis Abreu. A autoestima e a autoconfian\u00e7a est\u00e3o presentes no papel que assume ao cuidar de si, se gostar e, portanto, ser feliz. Segundo ela, \u00e9 poss\u00edvel ser vaidosa, com limites, zelar pela<strong>\u00a0apar\u00eancia<\/strong>\u00a0e fazer tudo que precisa. N\u00e3o \u00e9 porque enfrentamos uma pandemia que iremos nos deixar de lado. O cuidado tem de acontecer, mesmo dentro de casa, porque nos faz sentir bem.<br>O impacto do novo coronav\u00edrus, para alguns, pode resultar em\u00a0<strong>desencanto,\u00a0<\/strong>desinteresse, mas a sa\u00edda para superar toda crise \u00e9 reagir, buscar as ferramentas dispon\u00edveis e ao alcance para encontrar um caminho do seu jeito e n\u00e3o se entregar \u00e0 trag\u00e9dia. O de Cl\u00e1udia Abreu \u00e9 bem claro: \u201cEu me cuido\u00a0<strong>para mim<\/strong>\u201d. Por isso, cabelo, pele, rosto, cada parte do corpo tem toda a sua aten\u00e7\u00e3o diariamente. O cabelo \u00e9 a moldura do rosto, merece investimento.<\/p>\n\n\n\n<p> Ela d\u00e1 uma<strong>\u00a0dica:<\/strong>\u00a0nunca lave no chuveiro; s\u00f3 no tanque. \u00c1gua fria, mesmo no inverno. Escolha uma hora com temperatura mais alta. O resultado \u00e9 outro, o brilho, fios saud\u00e1veis. E intercalar os shampoos, cada semana um. \u201cA pele, nosso maior \u00f3rg\u00e3o, tamb\u00e9m, precisa de cuidados para manter a jovialidade e postergar o envelhecimento. Tenho uma rotina de um passo a passo di\u00e1rio, n\u00e3o deixo de fazer, e fa\u00e7o quest\u00e3o de ter esse<strong>\u00a0tempo c<\/strong>omigo.\u201d<\/p>\n\n\n\n<p>\n\nCl\u00e1udia conta que tem produtos faciais de tratamento que usa h\u00e1 10 anos, n\u00e3o abre m\u00e3o dos indicados para seu tipo de pele, da higieniza\u00e7\u00e3o, do t\u00f4nico, do s\u00e9rum com vitamina C para uniformizar a pele e estimular a produ\u00e7\u00e3o de col\u00e1geno, do \u00e1cido hialur\u00f4nico para amenizar as linhas de express\u00e3o e para clarear a pele, de hidratar e cuidar da hiperpigmenta\u00e7\u00e3o das olheiras e nunca se esquece do protetor solar, mesmo dentro de casa. \u201cS\u00e3o<strong>&nbsp;investimentos&nbsp;<\/strong>que fa\u00e7o em mim, com custo\/benef\u00edcio\u201d, diz.<br><\/p>\n\n\n\n<h2 class=\"wp-block-heading\"><strong>As m\u00e3os e as unhas<\/strong><\/h2>\n\n\n\n<p>Todo o corpo precisa de aten\u00e7\u00e3o. Do cabelo aos p\u00e9s. Mas com a pandemia, as m\u00e3os e as unhas, diante de tanto \u00e1lcool em gel e \u00e1gua com sab\u00e3o a toda hora, s\u00e3o partes do corpo que v\u00e3o exigir ainda mais\u00a0<strong>aten\u00e7\u00e3o.<\/strong>\u00a0Elas n\u00e3o s\u00f3 devem ser mais hidratadas e protegidas, como tamb\u00e9m, com o aumento seja de reuni\u00f5es\u00a0<strong>virtuais,<\/strong>\u00a0por causa do home office, ou mesmo contato com a fam\u00edlia, amigos e amores por v\u00eddeo, nada como se mostrar pela tela bonita, bem cuidada. Um est\u00edmulo para voc\u00ea e o outro.<br><\/p>\n\n\n\n<p> Como as unhas sempre aparecem, Maria Lourdes Pinheiro, pod\u00f3loga e coordenadora t\u00e9cnica da Doctor Feet, lembra que elas tamb\u00e9m merecem aten\u00e7\u00e3o. Antes, ela alerta que unhas fracas podem indicar\u00a0<strong>sintomas\u00a0<\/strong>de diabetes, disfun\u00e7\u00e3o hormonal, estresse e at\u00e9 problemas de f\u00edgado, pulm\u00e3o e cora\u00e7\u00e3o. \u201cO ideal \u00e9 cuidar das unhas com profissionais habilitados e, ao perceber que elas continuam quebrando com frequ\u00eancia, \u00e9 hora de procurar um m\u00e9dico, um\u00a0<strong>dermatologista<\/strong>. E n\u00e3o se esque\u00e7a de manter m\u00e3os e unhas sempre hidratadas.\u201d<\/p>\n\n\n\n<p><br>No entanto, Maria Lourdes destaca que algumas mudan\u00e7as de\u00a0<strong>h\u00e1bito<\/strong>\u00a0podem amenizar a quebra e deixar as unhas bonitas e saud\u00e1veis. \u201cEvite roer ou levar as m\u00e3os \u00e0 boca. A saliva enfraquece a unha e o mau h\u00e1bito pode causar infec\u00e7\u00f5es, causando at\u00e9 a sua perda.\u201d Em casa, nada como aproveitar o tempo e investir em bases fortalecedoras e\u00a0<strong>nutritivas\u00a0<\/strong>que devem ser aplicadas sempre antes do esmalte: \u201cQuando voltar ao sal\u00e3o for poss\u00edvel, preferia sempre um profissional semanalmente, mas lembre-se de n\u00e3o retirar totalmente as cut\u00edculas, j\u00e1 que elas ajudam na prote\u00e7\u00e3o contra doen\u00e7as, como a micose\u201d.<br>Maria Lourdes alerta sobre o uso de produtos com formol para fortalecer as unhas, j\u00e1 que podem causar\u00a0<strong>alergias,<\/strong>\u00a0e indica o consumo de alimentos ricos em vitamina C que v\u00e3o ajudar a fortalec\u00ea-las, al\u00e9m de beneficiar a pele e, de quebra, o sistema\u00a0<strong>imunol\u00f3gico.<\/strong><br>Em\u00a0<strong>quarentena,<\/strong>\u00a0com muitos tendo de lidar com os afazeres dom\u00e9sticos e produtos qu\u00edmicos, a pod\u00f3loga indica o uso de luvas para proteger m\u00e3os e unhas. E remover o esmalte com produtos espec\u00edficos, que n\u00e3o contenham acetona, j\u00e1 que ela causa danos nas unhas e resseca as cut\u00edculas. Atente-se aos prazos de<strong>\u00a0validade<\/strong>\u00a0de esmaltes, bases e cremes para as m\u00e3os. E n\u00e3o se esque\u00e7a de deixar a unha respirar, removendo o esmalte, pelo menos, dois dias antes de uma nova aplica\u00e7\u00e3o.<br>Dermatologistas alertam que o ideal \u00e9\u00a0<strong>nunca<\/strong>\u00a0compartilhar o seu material com outras pessoas. A utiliza\u00e7\u00e3o de material contaminado pode provocar desde uma simples micose de unha ou a transmiss\u00e3o de v\u00edrus que causa a verruga na pele at\u00e9\u00a0<strong>contamina\u00e7\u00e3o\u00a0<\/strong>com v\u00edrus de doen\u00e7as mais graves, como o HIV e as hepatites.<\/p>\n\n\n\n<h2 class=\"wp-block-heading\">Seguran\u00e7a e economia para todos<\/h2>\n\n\n\n<p>Camila Jaconi, m\u00e9dica da dermatologia e est\u00e9tica da Cl\u00ednica Mais Baleia \u2013 Hospital da Baleia, alerta que o<strong>&nbsp;autocuidado&nbsp;<\/strong>deve estar sempre<strong>&nbsp;presente&nbsp;<\/strong>na vida de todos. Particularmente, a aten\u00e7\u00e3o diante da quarentena se faz necess\u00e1ria porque lidar com not\u00edcias ruins, isolamento social, rotinas de home office e o ensino escolar dos filhos e a exposi\u00e7\u00e3o di\u00e1ria \u00e0 COVID-19 aumentam o estresse, podendo causar sintomas na pele como a piora da acne, a queda de cabelo, o aumento das crises da psor\u00edase, a piora da dermatite seborreica e da dermatite at\u00f3pica, que, em caso de piora, devem ter avalia\u00e7\u00e3o m\u00e9dica.\n\n<\/p>\n\n\n\n<p>Mas ressalta que h\u00e1 acontecimentos que n\u00e3o dependem de n\u00f3s; portanto, o que podemos fazer \u00e9 dedicar alguns minutos do dia ao cuidado da sa\u00fade e do&nbsp;<strong>bem-estar.&nbsp;<\/strong>O autocuidado \u00e9 simples, r\u00e1pido, e o tratamento da pele e dos cabelos podem trazer momentos de paz e de relaxamento dentro de casa. \u00c9 uma v\u00e1lvula de<strong>&nbsp;escape,<\/strong>&nbsp;n\u00e3o s\u00f3 para a beleza, mas para manter a sa\u00fade mental e f\u00edsica.<br><\/p>\n\n\n\n<h3 class=\"wp-block-heading\"><strong>QUEIMADURAS E MANCHAS&nbsp;<\/strong><\/h3>\n\n\n\n<p>Os cuidados s\u00e3o<strong>\u00a0simples,\u00a0<\/strong>que todos podem fazer em casa. Uma boa dica, destaca Camila Jaconi, de hidrata\u00e7\u00e3o da pele \u00e9 usar o mel na face depois da higiene, deix\u00e1-lo por 30 minutos e enxaguar. Outra dica valiosa \u00e9 aplicar o \u00f3leo de coco nos cabelos secos e deixar agir por duas horas; devolver\u00e1 a maciez dos fios. Aproveite para reduzir o uso de secador de cabelos, reduzindo assim a quebra e o ressecamento dos fios. Ao cuidar da sua pele em casa, tenha cuidado com receitas caseiras, alerta a dermatologista. \u00c9 um\u00a0<strong>risco\u00a0<\/strong>fazer o peeling caseiro ou aplicar receitas com frutas na pele. H\u00e1 risco de manchas e<strong>\u00a0queimaduras.<\/strong><\/p>\n\n\n\n<p><br>Camila Jaconi lembra que os\u00a0<strong>homens<\/strong>\u00a0tamb\u00e9m devem se cuidar. Ela recomenda que usem xampu para lavar os cabelos e a barba e nunca condicionador, porque pode provocar dermatite seborreica, as famosas \u201ccaspas\u201d. \u201cFiquem atentos, muitos cosm\u00e9ticos s\u00e3o caros e n\u00e3o trazem benef\u00edcios \u00e0 pele. Ent\u00e3o, s\u00f3 use os produtos indicados por seu m\u00e9dico. Para evitar o\u00a0<strong>envelhecimento\u00a0<\/strong>precoce tome cuidados b\u00e1sicos, como n\u00e3o fumar, lavar o rosto com sabonete facial, usar vitamina C no rosto antes do protetor solar, n\u00e3o se expor ao sol sem prote\u00e7\u00e3o, lavar o rosto antes de dormir e ao acordar. Repetir esses cuidados diariamente.\u201d<\/p>\n\n\n\n<p><br>Camila Jaconi lembra que a\u00a0<strong>imagem\u00a0<\/strong>\u00e9 igualmente importante para vincular, por exemplo, a um bom curr\u00edculo. Uma apresenta\u00e7\u00e3o bem cuidada, pele vi\u00e7osa, rosto sem aspecto de cansa\u00e7o e cabelo arrumado s\u00e3o diferenciais. A m\u00e9dica lembra que a toxina botul\u00ednica (botox) e preenchimentos com \u00e1cido hialur\u00f4nico\/harmoniza\u00e7\u00e3o facial ajudam a ter uma\u00a0<strong>apar\u00eancia saud\u00e1ve<\/strong>l e bonita, reduzindo as rugas, as olheiras e o \u201cbigode chin\u00eas\u201d. \u201cSua imagem deve demonstrar seguran\u00e7a e confiabilidade. Se voc\u00ea j\u00e1 \u00e9 pai, m\u00e3e, av\u00f3, av\u00f4, teve rotinas dif\u00edceis, isso n\u00e3o precisa ficar evidente no seu rosto. Independentemente de sua idade, \u00e9 poss\u00edvel apresentar-se mais jovem. A escolha correta do profissional garante resultados naturais com seguran\u00e7a e maior durabilidade do tratamento.\u201d<\/p>\n\n\n\n<p>\n\nNo inverno e com mais tempo em casa, Camila Jaconi diz que \u00e9 tempo ideal para quem quiser se programar para fazer<strong>&nbsp;tratamentos<\/strong>&nbsp;de rejuvenescimento facial com laser e peeling, sempre observando as precau\u00e7\u00f5es e os cuidados referentes \u00e0s restri\u00e7\u00f5es da pandemia.<\/p>\n\n\n\n<p>Muitos acham que a dermatologia est\u00e9tica \u00e9\u00a0<strong>cara\u00a0<\/strong>demais e n\u00e3o tem como ter acesso. O\u00a0<strong>Mais Baleia\u00a0<\/strong>foi criado pelo Hospital da Baleia para proporcionar o acesso \u00e0 sa\u00fade de qualidade com baixo custo para tratamentos cir\u00fargicos ambulatorial e para os tratamentos de est\u00e9tica facial, como a toxina botul\u00ednica (botox), harmoniza\u00e7\u00e3o facial (preenchimento com \u00e1cido hialur\u00f4nico) e peeling para redu\u00e7\u00e3o de manchas, rugas e acne (espinhas).<br>No entanto, a m\u00e9dica destaca que, para ter seguran\u00e7a e\u00a0<strong>economizar,<\/strong>\u00a0\u00e9 sempre importante ter orienta\u00e7\u00e3o do m\u00e9dico, j\u00e1 que ele saber\u00e1 a sua necessidade, os produtos mais indicados e, assim, ter\u00e1 um resultado satisfat\u00f3rio e que caiba no seu bolso. \u201cJ\u00e1 parou para pensar que o<strong>\u00a0sucesso<\/strong>\u00a0est\u00e1 diretamente ligado \u00e0\u00a0<strong>apar\u00eancia\u00a0<\/strong>do rosto? Se quer ter mais oportunidades pessoais e profissionais, cuide de sua pele. Ela \u00e9 seu cart\u00e3o de visitas. Voc\u00ea sempre ser\u00e1 o seu melhor investimento. Cuide-se.\u201d<\/p>\n\n\n\n<p>Fonte: https:\/\/www.em.com.br\/app\/noticia\/bem-viver\/2020\/07\/12\/interna_bem_viver,1163993\/cuidar-de-voce-na-quarentena-e-sinal-de-autoestima.shtml<\/p>\n\n\n\n<p><\/p>\n\n\n\n<p><\/p>\n\n\n\n<p><br><\/p>\n\n\n\n<p><\/p>\n\n\n\n<p><\/p>\n","protected":false},"excerpt":{"rendered":"<p>Sem exageros, o cuidado com a apar\u00eancia \u00e9 um cart\u00e3o de visitas para a felicidade. \u00c9 um aliado para controlar o estresse e a ansiedade, al\u00e9m de aten\u00e7\u00e3o com a sa\u00fade Para quem est\u00e1 sempre atr\u00e1s da\u00a0felicidade,\u00a0talvez valesse a pena deixar de procurar, se aquietar, passar um tempo consigo para perceber que ela come\u00e7a estando&hellip;<\/p>\n","protected":false},"author":1,"featured_media":0,"comment_status":"open","ping_status":"open","sticky":false,"template":"","format":"standard","meta":{"footnotes":""},"categories":[14],"tags":[],"class_list":["post-1341","post","type-post","status-publish","format-standard","hentry","category-saude-da-mulher"],"yoast_head":"<!-- This site is optimized with the Yoast SEO plugin v23.0 - https:\/\/yoast.com\/wordpress\/plugins\/seo\/ -->\n<title>Cuidar de voc\u00ea na quarentena \u00e9 sinal de autoestima - Viamed<\/title>\n<meta name=\"robots\" content=\"index, follow, max-snippet:-1, max-image-preview:large, max-video-preview:-1\" \/>\n<link rel=\"canonical\" href=\"https:\/\/www.viamed.com.br\/informativo\/2020\/10\/20\/cuidar-de-voce-na-quarentena-e-sinal-de-autoestima\/\" \/>\n<meta property=\"og:locale\" content=\"pt_BR\" \/>\n<meta property=\"og:type\" content=\"article\" \/>\n<meta property=\"og:title\" content=\"Cuidar de voc\u00ea na quarentena \u00e9 sinal de autoestima - Viamed\" \/>\n<meta property=\"og:description\" content=\"Sem exageros, o cuidado com a apar\u00eancia \u00e9 um cart\u00e3o de visitas para a felicidade. \u00c9 um aliado para controlar o estresse e a ansiedade, al\u00e9m de aten\u00e7\u00e3o com a sa\u00fade Para quem est\u00e1 sempre atr\u00e1s da\u00a0felicidade,\u00a0talvez valesse a pena deixar de procurar, se aquietar, passar um tempo consigo para perceber que ela come\u00e7a estando&hellip;\" \/>\n<meta property=\"og:url\" content=\"https:\/\/www.viamed.com.br\/informativo\/2020\/10\/20\/cuidar-de-voce-na-quarentena-e-sinal-de-autoestima\/\" \/>\n<meta property=\"og:site_name\" content=\"Viamed\" \/>\n<meta property=\"article:publisher\" content=\"https:\/\/www.facebook.com\/viamed.mioma\" \/>\n<meta property=\"article:published_time\" content=\"2020-10-20T16:47:03+00:00\" \/>\n<meta property=\"article:modified_time\" content=\"2020-10-20T16:48:34+00:00\" \/>\n<meta property=\"og:image\" content=\"https:\/\/www.viamed.com.br\/informativo\/wp-content\/uploads\/2020\/10\/22b6967f-8c4f-434d-9b2f-69195656895a.jpg\" \/>\n<meta name=\"author\" content=\"admin\" \/>\n<meta name=\"twitter:card\" content=\"summary_large_image\" \/>\n<meta name=\"twitter:label1\" content=\"Escrito por\" \/>\n\t<meta name=\"twitter:data1\" content=\"admin\" \/>\n\t<meta name=\"twitter:label2\" content=\"Est. tempo de leitura\" \/>\n\t<meta name=\"twitter:data2\" content=\"8 minutos\" \/>\n<script type=\"application\/ld+json\" class=\"yoast-schema-graph\">{\"@context\":\"https:\/\/schema.org\",\"@graph\":[{\"@type\":\"Article\",\"@id\":\"https:\/\/www.viamed.com.br\/informativo\/2020\/10\/20\/cuidar-de-voce-na-quarentena-e-sinal-de-autoestima\/#article\",\"isPartOf\":{\"@id\":\"https:\/\/www.viamed.com.br\/informativo\/2020\/10\/20\/cuidar-de-voce-na-quarentena-e-sinal-de-autoestima\/\"},\"author\":{\"name\":\"admin\",\"@id\":\"https:\/\/www.viamed.com.br\/informativo\/#\/schema\/person\/1c7c2bc772df8765189ee5863a754763\"},\"headline\":\"Cuidar de voc\u00ea na quarentena \u00e9 sinal de autoestima\",\"datePublished\":\"2020-10-20T16:47:03+00:00\",\"dateModified\":\"2020-10-20T16:48:34+00:00\",\"mainEntityOfPage\":{\"@id\":\"https:\/\/www.viamed.com.br\/informativo\/2020\/10\/20\/cuidar-de-voce-na-quarentena-e-sinal-de-autoestima\/\"},\"wordCount\":1695,\"commentCount\":1,\"publisher\":{\"@id\":\"https:\/\/www.viamed.com.br\/informativo\/#organization\"},\"image\":{\"@id\":\"https:\/\/www.viamed.com.br\/informativo\/2020\/10\/20\/cuidar-de-voce-na-quarentena-e-sinal-de-autoestima\/#primaryimage\"},\"thumbnailUrl\":\"https:\/\/www.viamed.com.br\/informativo\/wp-content\/uploads\/2020\/10\/22b6967f-8c4f-434d-9b2f-69195656895a.jpg\",\"articleSection\":[\"Sa\u00fade da Mulher\"],\"inLanguage\":\"pt-BR\",\"potentialAction\":[{\"@type\":\"CommentAction\",\"name\":\"Comment\",\"target\":[\"https:\/\/www.viamed.com.br\/informativo\/2020\/10\/20\/cuidar-de-voce-na-quarentena-e-sinal-de-autoestima\/#respond\"]}]},{\"@type\":\"WebPage\",\"@id\":\"https:\/\/www.viamed.com.br\/informativo\/2020\/10\/20\/cuidar-de-voce-na-quarentena-e-sinal-de-autoestima\/\",\"url\":\"https:\/\/www.viamed.com.br\/informativo\/2020\/10\/20\/cuidar-de-voce-na-quarentena-e-sinal-de-autoestima\/\",\"name\":\"Cuidar de voc\u00ea na quarentena \u00e9 sinal de autoestima - Viamed\",\"isPartOf\":{\"@id\":\"https:\/\/www.viamed.com.br\/informativo\/#website\"},\"primaryImageOfPage\":{\"@id\":\"https:\/\/www.viamed.com.br\/informativo\/2020\/10\/20\/cuidar-de-voce-na-quarentena-e-sinal-de-autoestima\/#primaryimage\"},\"image\":{\"@id\":\"https:\/\/www.viamed.com.br\/informativo\/2020\/10\/20\/cuidar-de-voce-na-quarentena-e-sinal-de-autoestima\/#primaryimage\"},\"thumbnailUrl\":\"https:\/\/www.viamed.com.br\/informativo\/wp-content\/uploads\/2020\/10\/22b6967f-8c4f-434d-9b2f-69195656895a.jpg\",\"datePublished\":\"2020-10-20T16:47:03+00:00\",\"dateModified\":\"2020-10-20T16:48:34+00:00\",\"breadcrumb\":{\"@id\":\"https:\/\/www.viamed.com.br\/informativo\/2020\/10\/20\/cuidar-de-voce-na-quarentena-e-sinal-de-autoestima\/#breadcrumb\"},\"inLanguage\":\"pt-BR\",\"potentialAction\":[{\"@type\":\"ReadAction\",\"target\":[\"https:\/\/www.viamed.com.br\/informativo\/2020\/10\/20\/cuidar-de-voce-na-quarentena-e-sinal-de-autoestima\/\"]}]},{\"@type\":\"ImageObject\",\"inLanguage\":\"pt-BR\",\"@id\":\"https:\/\/www.viamed.com.br\/informativo\/2020\/10\/20\/cuidar-de-voce-na-quarentena-e-sinal-de-autoestima\/#primaryimage\",\"url\":\"https:\/\/www.viamed.com.br\/informativo\/wp-content\/uploads\/2020\/10\/22b6967f-8c4f-434d-9b2f-69195656895a.jpg\",\"contentUrl\":\"https:\/\/www.viamed.com.br\/informativo\/wp-content\/uploads\/2020\/10\/22b6967f-8c4f-434d-9b2f-69195656895a.jpg\",\"width\":720,\"height\":427},{\"@type\":\"BreadcrumbList\",\"@id\":\"https:\/\/www.viamed.com.br\/informativo\/2020\/10\/20\/cuidar-de-voce-na-quarentena-e-sinal-de-autoestima\/#breadcrumb\",\"itemListElement\":[{\"@type\":\"ListItem\",\"position\":1,\"name\":\"In\u00edcio\",\"item\":\"https:\/\/www.viamed.com.br\/informativo\/\"},{\"@type\":\"ListItem\",\"position\":2,\"name\":\"Cuidar de voc\u00ea na quarentena \u00e9 sinal de autoestima\"}]},{\"@type\":\"WebSite\",\"@id\":\"https:\/\/www.viamed.com.br\/informativo\/#website\",\"url\":\"https:\/\/www.viamed.com.br\/informativo\/\",\"name\":\"Viamed\",\"description\":\"\",\"publisher\":{\"@id\":\"https:\/\/www.viamed.com.br\/informativo\/#organization\"},\"potentialAction\":[{\"@type\":\"SearchAction\",\"target\":{\"@type\":\"EntryPoint\",\"urlTemplate\":\"https:\/\/www.viamed.com.br\/informativo\/?s={search_term_string}\"},\"query-input\":\"required name=search_term_string\"}],\"inLanguage\":\"pt-BR\"},{\"@type\":\"Organization\",\"@id\":\"https:\/\/www.viamed.com.br\/informativo\/#organization\",\"name\":\"Viamed\",\"url\":\"https:\/\/www.viamed.com.br\/informativo\/\",\"logo\":{\"@type\":\"ImageObject\",\"inLanguage\":\"pt-BR\",\"@id\":\"https:\/\/www.viamed.com.br\/informativo\/#\/schema\/logo\/image\/\",\"url\":\"https:\/\/www.viamed.com.br\/informativo\/wp-content\/uploads\/2019\/09\/logo-viamed.png\",\"contentUrl\":\"https:\/\/www.viamed.com.br\/informativo\/wp-content\/uploads\/2019\/09\/logo-viamed.png\",\"width\":197,\"height\":75,\"caption\":\"Viamed\"},\"image\":{\"@id\":\"https:\/\/www.viamed.com.br\/informativo\/#\/schema\/logo\/image\/\"},\"sameAs\":[\"https:\/\/www.facebook.com\/viamed.mioma\",\"https:\/\/www.instagram.com\/mioma.viamed\"]},{\"@type\":\"Person\",\"@id\":\"https:\/\/www.viamed.com.br\/informativo\/#\/schema\/person\/1c7c2bc772df8765189ee5863a754763\",\"name\":\"admin\",\"image\":{\"@type\":\"ImageObject\",\"inLanguage\":\"pt-BR\",\"@id\":\"https:\/\/www.viamed.com.br\/informativo\/#\/schema\/person\/image\/\",\"url\":\"https:\/\/secure.gravatar.com\/avatar\/0422a2a2c983fd2acf77c35c774a48727762450e3e782846a53b5d4027b0f0b3?s=96&d=mm&r=g\",\"contentUrl\":\"https:\/\/secure.gravatar.com\/avatar\/0422a2a2c983fd2acf77c35c774a48727762450e3e782846a53b5d4027b0f0b3?s=96&d=mm&r=g\",\"caption\":\"admin\"}}]}<\/script>\n<!-- \/ Yoast SEO plugin. -->","yoast_head_json":{"title":"Cuidar de voc\u00ea na quarentena \u00e9 sinal de autoestima - Viamed","robots":{"index":"index","follow":"follow","max-snippet":"max-snippet:-1","max-image-preview":"max-image-preview:large","max-video-preview":"max-video-preview:-1"},"canonical":"https:\/\/www.viamed.com.br\/informativo\/2020\/10\/20\/cuidar-de-voce-na-quarentena-e-sinal-de-autoestima\/","og_locale":"pt_BR","og_type":"article","og_title":"Cuidar de voc\u00ea na quarentena \u00e9 sinal de autoestima - Viamed","og_description":"Sem exageros, o cuidado com a apar\u00eancia \u00e9 um cart\u00e3o de visitas para a felicidade. \u00c9 um aliado para controlar o estresse e a ansiedade, al\u00e9m de aten\u00e7\u00e3o com a sa\u00fade Para quem est\u00e1 sempre atr\u00e1s da\u00a0felicidade,\u00a0talvez valesse a pena deixar de procurar, se aquietar, passar um tempo consigo para perceber que ela come\u00e7a estando&hellip;","og_url":"https:\/\/www.viamed.com.br\/informativo\/2020\/10\/20\/cuidar-de-voce-na-quarentena-e-sinal-de-autoestima\/","og_site_name":"Viamed","article_publisher":"https:\/\/www.facebook.com\/viamed.mioma","article_published_time":"2020-10-20T16:47:03+00:00","article_modified_time":"2020-10-20T16:48:34+00:00","og_image":[{"url":"https:\/\/www.viamed.com.br\/informativo\/wp-content\/uploads\/2020\/10\/22b6967f-8c4f-434d-9b2f-69195656895a.jpg"}],"author":"admin","twitter_card":"summary_large_image","twitter_misc":{"Escrito por":"admin","Est. tempo de leitura":"8 minutos"},"schema":{"@context":"https:\/\/schema.org","@graph":[{"@type":"Article","@id":"https:\/\/www.viamed.com.br\/informativo\/2020\/10\/20\/cuidar-de-voce-na-quarentena-e-sinal-de-autoestima\/#article","isPartOf":{"@id":"https:\/\/www.viamed.com.br\/informativo\/2020\/10\/20\/cuidar-de-voce-na-quarentena-e-sinal-de-autoestima\/"},"author":{"name":"admin","@id":"https:\/\/www.viamed.com.br\/informativo\/#\/schema\/person\/1c7c2bc772df8765189ee5863a754763"},"headline":"Cuidar de voc\u00ea na quarentena \u00e9 sinal de autoestima","datePublished":"2020-10-20T16:47:03+00:00","dateModified":"2020-10-20T16:48:34+00:00","mainEntityOfPage":{"@id":"https:\/\/www.viamed.com.br\/informativo\/2020\/10\/20\/cuidar-de-voce-na-quarentena-e-sinal-de-autoestima\/"},"wordCount":1695,"commentCount":1,"publisher":{"@id":"https:\/\/www.viamed.com.br\/informativo\/#organization"},"image":{"@id":"https:\/\/www.viamed.com.br\/informativo\/2020\/10\/20\/cuidar-de-voce-na-quarentena-e-sinal-de-autoestima\/#primaryimage"},"thumbnailUrl":"https:\/\/www.viamed.com.br\/informativo\/wp-content\/uploads\/2020\/10\/22b6967f-8c4f-434d-9b2f-69195656895a.jpg","articleSection":["Sa\u00fade da Mulher"],"inLanguage":"pt-BR","potentialAction":[{"@type":"CommentAction","name":"Comment","target":["https:\/\/www.viamed.com.br\/informativo\/2020\/10\/20\/cuidar-de-voce-na-quarentena-e-sinal-de-autoestima\/#respond"]}]},{"@type":"WebPage","@id":"https:\/\/www.viamed.com.br\/informativo\/2020\/10\/20\/cuidar-de-voce-na-quarentena-e-sinal-de-autoestima\/","url":"https:\/\/www.viamed.com.br\/informativo\/2020\/10\/20\/cuidar-de-voce-na-quarentena-e-sinal-de-autoestima\/","name":"Cuidar de voc\u00ea na quarentena \u00e9 sinal de autoestima - Viamed","isPartOf":{"@id":"https:\/\/www.viamed.com.br\/informativo\/#website"},"primaryImageOfPage":{"@id":"https:\/\/www.viamed.com.br\/informativo\/2020\/10\/20\/cuidar-de-voce-na-quarentena-e-sinal-de-autoestima\/#primaryimage"},"image":{"@id":"https:\/\/www.viamed.com.br\/informativo\/2020\/10\/20\/cuidar-de-voce-na-quarentena-e-sinal-de-autoestima\/#primaryimage"},"thumbnailUrl":"https:\/\/www.viamed.com.br\/informativo\/wp-content\/uploads\/2020\/10\/22b6967f-8c4f-434d-9b2f-69195656895a.jpg","datePublished":"2020-10-20T16:47:03+00:00","dateModified":"2020-10-20T16:48:34+00:00","breadcrumb":{"@id":"https:\/\/www.viamed.com.br\/informativo\/2020\/10\/20\/cuidar-de-voce-na-quarentena-e-sinal-de-autoestima\/#breadcrumb"},"inLanguage":"pt-BR","potentialAction":[{"@type":"ReadAction","target":["https:\/\/www.viamed.com.br\/informativo\/2020\/10\/20\/cuidar-de-voce-na-quarentena-e-sinal-de-autoestima\/"]}]},{"@type":"ImageObject","inLanguage":"pt-BR","@id":"https:\/\/www.viamed.com.br\/informativo\/2020\/10\/20\/cuidar-de-voce-na-quarentena-e-sinal-de-autoestima\/#primaryimage","url":"https:\/\/www.viamed.com.br\/informativo\/wp-content\/uploads\/2020\/10\/22b6967f-8c4f-434d-9b2f-69195656895a.jpg","contentUrl":"https:\/\/www.viamed.com.br\/informativo\/wp-content\/uploads\/2020\/10\/22b6967f-8c4f-434d-9b2f-69195656895a.jpg","width":720,"height":427},{"@type":"BreadcrumbList","@id":"https:\/\/www.viamed.com.br\/informativo\/2020\/10\/20\/cuidar-de-voce-na-quarentena-e-sinal-de-autoestima\/#breadcrumb","itemListElement":[{"@type":"ListItem","position":1,"name":"In\u00edcio","item":"https:\/\/www.viamed.com.br\/informativo\/"},{"@type":"ListItem","position":2,"name":"Cuidar de voc\u00ea na quarentena \u00e9 sinal de autoestima"}]},{"@type":"WebSite","@id":"https:\/\/www.viamed.com.br\/informativo\/#website","url":"https:\/\/www.viamed.com.br\/informativo\/","name":"Viamed","description":"","publisher":{"@id":"https:\/\/www.viamed.com.br\/informativo\/#organization"},"potentialAction":[{"@type":"SearchAction","target":{"@type":"EntryPoint","urlTemplate":"https:\/\/www.viamed.com.br\/informativo\/?s={search_term_string}"},"query-input":"required name=search_term_string"}],"inLanguage":"pt-BR"},{"@type":"Organization","@id":"https:\/\/www.viamed.com.br\/informativo\/#organization","name":"Viamed","url":"https:\/\/www.viamed.com.br\/informativo\/","logo":{"@type":"ImageObject","inLanguage":"pt-BR","@id":"https:\/\/www.viamed.com.br\/informativo\/#\/schema\/logo\/image\/","url":"https:\/\/www.viamed.com.br\/informativo\/wp-content\/uploads\/2019\/09\/logo-viamed.png","contentUrl":"https:\/\/www.viamed.com.br\/informativo\/wp-content\/uploads\/2019\/09\/logo-viamed.png","width":197,"height":75,"caption":"Viamed"},"image":{"@id":"https:\/\/www.viamed.com.br\/informativo\/#\/schema\/logo\/image\/"},"sameAs":["https:\/\/www.facebook.com\/viamed.mioma","https:\/\/www.instagram.com\/mioma.viamed"]},{"@type":"Person","@id":"https:\/\/www.viamed.com.br\/informativo\/#\/schema\/person\/1c7c2bc772df8765189ee5863a754763","name":"admin","image":{"@type":"ImageObject","inLanguage":"pt-BR","@id":"https:\/\/www.viamed.com.br\/informativo\/#\/schema\/person\/image\/","url":"https:\/\/secure.gravatar.com\/avatar\/0422a2a2c983fd2acf77c35c774a48727762450e3e782846a53b5d4027b0f0b3?s=96&d=mm&r=g","contentUrl":"https:\/\/secure.gravatar.com\/avatar\/0422a2a2c983fd2acf77c35c774a48727762450e3e782846a53b5d4027b0f0b3?s=96&d=mm&r=g","caption":"admin"}}]}},"_links":{"self":[{"href":"https:\/\/www.viamed.com.br\/informativo\/wp-json\/wp\/v2\/posts\/1341","targetHints":{"allow":["GET"]}}],"collection":[{"href":"https:\/\/www.viamed.com.br\/informativo\/wp-json\/wp\/v2\/posts"}],"about":[{"href":"https:\/\/www.viamed.com.br\/informativo\/wp-json\/wp\/v2\/types\/post"}],"author":[{"embeddable":true,"href":"https:\/\/www.viamed.com.br\/informativo\/wp-json\/wp\/v2\/users\/1"}],"replies":[{"embeddable":true,"href":"https:\/\/www.viamed.com.br\/informativo\/wp-json\/wp\/v2\/comments?post=1341"}],"version-history":[{"count":1,"href":"https:\/\/www.viamed.com.br\/informativo\/wp-json\/wp\/v2\/posts\/1341\/revisions"}],"predecessor-version":[{"id":1343,"href":"https:\/\/www.viamed.com.br\/informativo\/wp-json\/wp\/v2\/posts\/1341\/revisions\/1343"}],"wp:attachment":[{"href":"https:\/\/www.viamed.com.br\/informativo\/wp-json\/wp\/v2\/media?parent=1341"}],"wp:term":[{"taxonomy":"category","embeddable":true,"href":"https:\/\/www.viamed.com.br\/informativo\/wp-json\/wp\/v2\/categories?post=1341"},{"taxonomy":"post_tag","embeddable":true,"href":"https:\/\/www.viamed.com.br\/informativo\/wp-json\/wp\/v2\/tags?post=1341"}],"curies":[{"name":"wp","href":"https:\/\/api.w.org\/{rel}","templated":true}]}}