{"id":1790,"date":"2022-06-20T16:26:54","date_gmt":"2022-06-20T19:26:54","guid":{"rendered":"https:\/\/www.viamed.com.br\/informativo\/?p=1790"},"modified":"2023-01-05T14:08:50","modified_gmt":"2023-01-05T17:08:50","slug":"carencia-de-180-dias-para-embolizacao-de-mioma-na-unimed","status":"publish","type":"post","link":"https:\/\/www.viamed.com.br\/informativo\/2022\/06\/20\/carencia-de-180-dias-para-embolizacao-de-mioma-na-unimed\/","title":{"rendered":"Car\u00eancia de 180 dias para Emboliza\u00e7\u00e3o de Mioma na UNIMED"},"content":{"rendered":"\n<figure class=\"wp-block-image\"><img decoding=\"async\" src=\"https:\/\/d1cphpu1f2jis8.cloudfront.net\/wp-content\/uploads\/2019\/07\/plano-saude-40.jpg\" alt=\"Qual a car\u00eancia do plano de sa\u00fade Unimed?\"\/><\/figure>\n\n\n\n<p><strong>Ouviu falar sobre per\u00edodo de car\u00eancia e n\u00e3o sabe muito bem do que se trata ou qual \u00e9 a car\u00eancia do plano de sa\u00fade Unimed? Fique tranquilo, neste artigo, explicaremos melhor e assunto e mostraremos os per\u00edodos de car\u00eancia previstos por lei.<\/strong><\/p>\n\n\n\n<p><em>*Este texto \u00e9 de conte\u00fado editorial&nbsp;e n\u00e3o garante a comercializa\u00e7\u00e3o deste produto nesse site.<\/em><\/p>\n\n\n\n<p>Acesso a uma assist\u00eancia de sa\u00fade de qualidade \u00e9 um direito de qualquer cidad\u00e3o, no entanto, o sistema p\u00fablico nem sempre \u00e9 capaz de oferecer o b\u00e1sico de maneira gratuita para todos os brasileiros.<\/p>\n\n\n\n<p>Por isso, muitas pessoas acabam optando pela contrata\u00e7\u00e3o de um plano de sa\u00fade Unimed.<\/p>\n\n\n\n<p>Mas, para isso \u00e9 preciso sempre realizar um processo completo de pesquisa, que invariavelmente acaba gerando uma s\u00e9rie de d\u00favidas sobre o servi\u00e7o.<\/p>\n\n\n\n<p>Uma delas, talvez a mais frequente seja relacionada ao per\u00edodo de car\u00eancia do plano de sa\u00fade Unimed.<\/p>\n\n\n\n<p>Se voc\u00ea est\u00e1 pensando em contratar essa operadora, ou migrar para ela e quer saber como funciona o per\u00edodo de car\u00eancia, acompanhe este artigo.]<\/p>\n\n\n\n<h2 class=\"wp-block-heading\">Como \u00e9 estabelecido o per\u00edodo de car\u00eancia do plano de sa\u00fade Unimed?<\/h2>\n\n\n\n<p>Hoje qualquer operadora de conv\u00eanio m\u00e9dico que atua no pa\u00eds deve seguir algumas regras em rela\u00e7\u00e3o aos servi\u00e7os prestados. Entre essas regras est\u00e1 incluso a car\u00eancia do plano de sa\u00fade.<\/p>\n\n\n\n<p>Isso \u00e9 determinado pela ANS \u2013 Ag\u00eancia Nacional de Sa\u00fade Suplementar, empresa respons\u00e1vel por regulamentar os servi\u00e7os de assist\u00eancia m\u00e9dica \u00e9 a ANS.<\/p>\n\n\n\n<p>Al\u00e9m de regulamentar o&nbsp;<a href=\"https:\/\/www.planodesaude.net\/plano-de-saude-sem-carencia\/\" target=\"_blank\" rel=\"noreferrer noopener\">per\u00edodo de car\u00eancia<\/a>&nbsp;de todos os planos de sa\u00fade do pa\u00eds, a ANS tamb\u00e9m \u00e9 respons\u00e1vel por estabelecer regras para que as operadoras possam trabalhar dentro de um padr\u00e3o.<\/p>\n\n\n\n<p>Algumas dessas regras estipuladas pelo \u00f3rg\u00e3o s\u00e3o referentes a quest\u00f5es como:<\/p>\n\n\n\n<ul class=\"wp-block-list\"><li>Quais s\u00e3o as operadoras a atuar no Brasil;<\/li><li>Planos que cada empresa pode disponibilizar a seus colaboradores;<\/li><li>Rol m\u00ednimo de procedimentos que precisam ser cobertos;<\/li><li>Car\u00eancia dos procedimentos disponibilizados pelos planos;<\/li><li>Percentual do reajuste anual disponibilizado aos planos de pessoa f\u00edsica, entre outros.<\/li><\/ul>\n\n\n\n<p>Isso significa que a Unimed, assim como as demais operadoras, deve seguir todas essas regras para poder ofertar os seus servi\u00e7os no mercado.<\/p>\n\n\n\n<p>Como mencionado, a ANS tamb\u00e9m \u00e9 respons\u00e1vel por estabelecer os prazos de car\u00eancia que s\u00e3o os mesmos para todas as operadoras de assist\u00eancia de sa\u00fade.<\/p>\n\n\n\n<p>No entanto, t\u00e3o importante quanto estar atento ao per\u00edodo de car\u00eancia do plano de sa\u00fade Unimed, \u00e9 preciso estar atento a cobertura contratada.<\/p>\n\n\n\n<p>Afinal, cada&nbsp;<a href=\"https:\/\/www.planodesaude.net\/quais-coberturas-meu-plano-de-saude\/\" target=\"_blank\" rel=\"noreferrer noopener\">tipo de cobertura<\/a>&nbsp;conta com um tipo de servi\u00e7o diferente e, consequentemente uma cobertura espec\u00edfica.<\/p>\n\n\n\n<h2 class=\"wp-block-heading\">Entenda o que \u00e9 a car\u00eancia do plano de sa\u00fade Unimed<\/h2>\n\n\n\n<p>A car\u00eancia \u00e9 o per\u00edodo que o benefici\u00e1rio precisa aguardar para utilizar os servi\u00e7os contratados, ap\u00f3s a sua ades\u00e3o ao plano de sa\u00fade.<\/p>\n\n\n\n<p>Isso significa que a pessoa contrata o servi\u00e7o e come\u00e7a a pagar as mensalidades, mas n\u00e3o ter\u00e1 acesso a todas as coberturas imediatamente.<\/p>\n\n\n\n<p>Cada procedimento possui um per\u00edodo de car\u00eancia diferente, por isso, para facilitar o entendimento e o cumprimento desses per\u00edodos de espera, a ANS criou uma tabela para padronizar esse tempo em todas as operadoras de sa\u00fade.<\/p>\n\n\n\n<p>Portanto, o&nbsp;plano Unimed pode exigir o per\u00edodo de&nbsp;car\u00eancia plano de sa\u00fade, para diferentes procedimentos.<\/p>\n\n\n\n<h2 class=\"wp-block-heading\">Tabela de car\u00eancia do plano de sa\u00fade Unimed<\/h2>\n\n\n\n<p>A seguir, mostraremos como funciona a tabela de car\u00eancia do plano de sa\u00fade Unimed e de todos os demais planos, com os prazos estipulados pela ANS.<\/p>\n\n\n\n<p>Mas, vale lembrar que, esse \u00e9 o per\u00edodo m\u00e1ximo estabelecido.<\/p>\n\n\n\n<p>Ou seja, as operadoras podem oferecer um per\u00edodo de car\u00eancia menor do que esses, mas nunca maior.<\/p>\n\n\n\n<p>Geralmente, as empresas seguem o prazo m\u00e1ximo permitido pela ANS, como \u00e9 o caso de muitos planos da&nbsp;<a rel=\"noreferrer noopener\" href=\"https:\/\/www.planodesaude.net\/plano-de-saude-unimed-nacional\" target=\"_blank\">Unimed Nacional<\/a>, entre outras. Confira quais s\u00e3o eles.<\/p>\n\n\n\n<figure class=\"wp-block-table\"><table class=\"\"><tbody><tr><td><strong><em>Situa\u00e7\u00e3o<\/em><\/strong><\/td><td><strong><em>Tempo car\u00eancia<\/em><\/strong><\/td><\/tr><tr><td><em>Casos de urg\u00eancia (acidentes pessoais ou complica\u00e7\u00f5es no processo gestacional) e emerg\u00eancia (risco imediato \u00e0 vida ou les\u00f5es irrepar\u00e1veis)<\/em><\/td><td>24 horas<\/td><\/tr><tr><td><em>Realiza\u00e7\u00e3o de consultas e exames simples pela Unimed<\/em><\/td><td>30 dias<\/td><\/tr><tr><td><em>Realiza\u00e7\u00e3o de exames especiais \u2013 de alto custo<\/em><\/td><td>120 dias<\/td><\/tr><tr><td><em>Atendimento especializado \u2013 fisioterapia, fonoaudiologia, psicologia e nutri\u00e7\u00e3o<\/em><\/td><td>180 dias<\/td><\/tr><tr><td><em>Tratamentos de di\u00e1lise e hemodi\u00e1lise<\/em><\/td><td>180 dias<\/td><\/tr><tr><td><em>Tratamentos de quimioterapia e radioterapia<\/em><\/td><td>180 dias<\/td><\/tr><tr><td><em>Cirurgias ambulatoriais<\/em><\/td><td>180 dias<\/td><\/tr><tr><td><em>Interna\u00e7\u00e3o cl\u00ednica, cir\u00fargica ou psiqui\u00e1trica<\/em><\/td><td>180 dias<\/td><\/tr><tr><td><em>Partos a termo, exclu\u00eddos os partos prematuros e decorrentes de complica\u00e7\u00f5es no processo gestacional<\/em><\/td><td>300 dias<\/td><\/tr><tr><td><em>Doen\u00e7as e les\u00f5es preexistentes (quando contratou o plano de sa\u00fade, a pessoa j\u00e1 sabia possuir)<\/em><\/td><td>24 meses<\/td><\/tr><\/tbody><\/table><\/figure>\n\n\n\n<p>Vale ressaltar que esses per\u00edodos de&nbsp;car\u00eancias Unimed&nbsp;s\u00e3o v\u00e1lidos para os planos de pessoa f\u00edsica. Os planos voltados as pessoas jur\u00eddicas possuem outras regras.<\/p>\n\n\n\n<p>No caso de empresas com mais de 30 vidas inclu\u00eddas no servi\u00e7o de assist\u00eancia m\u00e9dica, a car\u00eancia do plano de sa\u00fade Unimed \u00e9 isenta.<\/p>\n\n\n\n<p>Mas, \u00e9 preciso que o colaborador fa\u00e7a a ades\u00e3o at\u00e9 30 dias ap\u00f3s entrar na empresa, caso contr\u00e1rio, precisar\u00e1 cumprir com as mesmas car\u00eancias da tabela acima.<\/p>\n\n\n\n<p>Na d\u00favida, \u00e9 importante falar sempre com o&nbsp;corretor de plano de sa\u00fade ou verificar no&nbsp;site&nbsp;Unimed.<\/p>\n\n\n\n<h2 class=\"wp-block-heading\">Como funciona a car\u00eancia para dependentes na Unimed?<\/h2>\n\n\n\n<p>As mesmas regras de aplica\u00e7\u00e3o de&nbsp;car\u00eancia&nbsp;Unimed&nbsp;para o titular do plano de sa\u00fade, devem ser cumpridas pelos seus dependentes, assim que inseridos na cobertura.<\/p>\n\n\n\n<p>Ou seja, o dependente dever\u00e1 cumprir todo o per\u00edodo de car\u00eancia assim que come\u00e7ar a participar do plano.<\/p>\n\n\n\n<p>Vale mencionar que n\u00e3o s\u00e3o todas as pessoas que podem ser inseridas em uma cobertura de plano de sa\u00fade como dependente.<\/p>\n\n\n\n<p>De acordo com a&nbsp;<a href=\"http:\/\/www.ans.gov.br\/\" target=\"_blank\" rel=\"noreferrer noopener\">ANS<\/a>&nbsp;apenas pessoas com parentesco direto ou depend\u00eancia econ\u00f4mica do titular comprovada podem ser inseridos na cobertura.<\/p>\n\n\n\n<p>As pessoas que podem ser inseridas como dependentes no plano de sa\u00fade Unimed s\u00e3o:<\/p>\n\n\n\n<ul class=\"wp-block-list\"><li>C\u00f4njuge e companheiro est\u00e1vel;<\/li><li>Filhos biol\u00f3gicos e de guarda tutelar at\u00e9 os 21 anos;<\/li><li>E pai e m\u00e3e.<\/li><\/ul>\n\n\n\n<p>Isso vale para os planos voltados tanto a pessoas f\u00edsicas como jur\u00eddicas, os conhecidos planos coletivos.<\/p>\n\n\n\n<p>Com a diferen\u00e7a de que nos planos coletivos \u00e9 poss\u00edvel incluir parentes de at\u00e9 3\u00ba grau consangu\u00edneo.<\/p>\n\n\n\n<p>Essa \u00e9 uma regra que vale em toda a rede, ou seja, tanto para a&nbsp;Unimed Bauru,&nbsp;Unimed Paran\u00e1 e outras.<\/p>\n\n\n\n<h2 class=\"wp-block-heading\">\u00c9 poss\u00edvel contratar um plano Unimed com car\u00eancia zero?&nbsp;<\/h2>\n\n\n\n<p>A resposta para essa pergunta \u00e9 sim, existe a possibilidade de&nbsp;plano de sa\u00fade sem car\u00eancia. No entanto, h\u00e1 menos que aconte\u00e7a uma promo\u00e7\u00e3o oferecida pela operadora, \u00e9 importante que neste caso, voc\u00ea esteja preparado para desembolsar uma boa quantia extra em dinheiro na contrata\u00e7\u00e3o de um plano Unimed com car\u00eancia zero.<\/p>\n\n\n\n<p>Outra possibilidade de car\u00eancia zero \u00e9 no plano da&nbsp;Unimed empresarial. Mas, desde que esteja dentro do tipo de plano de sa\u00fade que a empresa contratou.<\/p>\n\n\n\n<p>\u00c9 importante entrar em contato com a&nbsp;Unimed BH, Unimed Campinas e outras para tirar d\u00favidas.<\/p>\n\n\n\n<h2 class=\"wp-block-heading\">Como funciona a car\u00eancia do plano Unimed para gestantes?<\/h2>\n\n\n\n<p>Para ter acesso a uma cobertura para gestantes no&nbsp;conv\u00eanio m\u00e9dico Unimed,&nbsp;\u00e9 preciso contratar uma cobertura de plano de sa\u00fade que tenha servi\u00e7o de&nbsp;obstetra&nbsp;Unimed.<\/p>\n\n\n\n<p>Ent\u00e3o, verificar os exames, consultas e outros procedimentos inclu\u00eddos no&nbsp;guia m\u00e9dico Unimed, conforme o tipo de plano contratado.<\/p>\n\n\n\n<p>Logo, o per\u00edodo de car\u00eancia do plano Unimed para gestante ser\u00e1 o comum, j\u00e1 mencionado acima, mais o per\u00edodo de car\u00eancia para parto, que \u00e9 de 300 dias.<\/p>\n\n\n\n<h2 class=\"wp-block-heading\">Como melhorar o per\u00edodo de car\u00eancia do plano de sa\u00fade Unimed?<\/h2>\n\n\n\n<p>Existem algumas possibilidades de melhorar o per\u00edodo de car\u00eancia no momento da contrata\u00e7\u00e3o do plano de sa\u00fade Unimed.<\/p>\n\n\n\n<p>Veja a seguir quais s\u00e3o as principais entre elas e como cada uma delas funciona:<\/p>\n\n\n\n<h3 class=\"wp-block-heading\">1 \u2013&nbsp; Portabilidade de car\u00eancia<\/h3>\n\n\n\n<p>A&nbsp;<a href=\"http:\/\/www.ans.gov.br\/aans\/noticias-ans\/consumidor\/4746-ans-amplia-regras-para-portabilidade-de-carencias?highlight=WyJwZXJcdTAwZWRvZG8iLCJwZXJpXHUwMGYzZGljYXMiLCJwZXJpb2RpY2lkYWRlIiwicGVyaVx1MDBmM2RpY28iLCJwZXJcdTAwZWRvZG9zIiwicGVyaW9kaWNhbWVudGUiLCJwZXJpXHUwMGYzZGljYSIsInBlcmlcdTAwZjNkaWNvcyIsInBlcmlvZCIsInBlcmlvZHMiLCJwZXJpb2RpYyIsImRlIiwiY2FyXHUwMGVhbmNpYSIsImNhclx1MDBlYW5jaWFzIiwicGVyXHUwMGVkb2RvIGRlIiwicGVyXHUwMGVkb2RvIGRlIGNhclx1MDBlYW5jaWEiLCJkZSBjYXJcdTAwZWFuY2lhIl0=\" target=\"_blank\" rel=\"noreferrer noopener\">portabilidade de car\u00eancia<\/a>&nbsp;pode ser feita quando j\u00e1 se tem um plano de sa\u00fade, mas se decide contratar outro, no entanto, esse procedimento \u00e9 v\u00e1lido apenas quando realizado atrav\u00e9s da mesma operadora que auxiliou a contrata\u00e7\u00e3o do primeiro plano de sa\u00fade.<\/p>\n\n\n\n<p>Ou seja, se voc\u00ea possui um plano de sa\u00fade de uma empresa X e resolve contar com os servi\u00e7os da empresa Y, mas faz essa nova contrata\u00e7\u00e3o atrav\u00e9s da mesma operadora que realizou o primeiro contrato, \u00e9 poss\u00edvel ser dispensado do per\u00edodo de car\u00eancia das coberturas contratadas.<\/p>\n\n\n\n<p>Tamb\u00e9m existe essa possibilidade no caso de mudan\u00e7a de cidade, em casos em que o usu\u00e1rio n\u00e3o possui a&nbsp;Unimed Nacional.<\/p>\n\n\n\n<p>Por exemplo, se o usu\u00e1rio possui a&nbsp;Unimed Bauru e precisa passar para a&nbsp;Unimed Paran\u00e1, por exemplo.<\/p>\n\n\n\n<p>Vale mencionar que a portabilidade de car\u00eancia \u00e9 permitida apenas para planos de pessoa f\u00edsica, sejam eles, individuais ou familiares.<\/p>\n\n\n\n<h3 class=\"wp-block-heading\">2 \u2013&nbsp; Portabilidade extraordin\u00e1ria<\/h3>\n\n\n\n<p>A portabilidade extraordin\u00e1ria \u00e9 poss\u00edvel apenas atrav\u00e9s de um decreto, que dever\u00e1 ser emitido em casos especiais, onde exista a necessidade de intervir para garantir mais op\u00e7\u00f5es ao paciente.<\/p>\n\n\n\n<p>Um bom exemplo de situa\u00e7\u00f5es onde essa portabilidade do&nbsp;plano&nbsp;Unimed&nbsp;\u00e9 poss\u00edvel \u00e9 no caso de op\u00e7\u00f5es de planos de sa\u00fade encontradas no mercado n\u00e3o serem o bastante para o benefici\u00e1rio, ou simplesmente n\u00e3o serem compat\u00edveis com o plano de sa\u00fade anterior do cliente.<\/p>\n\n\n\n<h3 class=\"wp-block-heading\">3 \u2013&nbsp; Migra\u00e7\u00e3o<\/h3>\n\n\n\n<p>Essa possibilidade de melhora do per\u00edodo de car\u00eancia pode ser aplicada em casos em que voc\u00ea j\u00e1 possui uma determinada cobertura de uma operadora de sa\u00fade e deseje migrar seu plano de sa\u00fade para uma cobertura melhor, dentro da mesma empresa.<\/p>\n\n\n\n<p>Ou seja, voc\u00ea tem um&nbsp;plano Unimed, mas quer passar para um mais completo, com cobertura para&nbsp;fonoaudiologia Unimed,&nbsp;fisioterapia Unimed, por exemplo, j\u00e1 que pode n\u00e3o estar dispon\u00edvel em todos os planos, ou com consultas limitadas.<\/p>\n\n\n\n<p>Essa alternativa est\u00e1 dispon\u00edvel para planos que foram contratados at\u00e9 o dia 1\u00ba de janeiro de 1999 e se enquadram em coberturas familiares, individuais ou coletivos por ades\u00e3o.<\/p>\n\n\n\n<h3 class=\"wp-block-heading\">4 \u2013&nbsp; Plano de sa\u00fade Unimed car\u00eancia zero<\/h3>\n\n\n\n<p>Uma possibilidade de contar com um plano de sa\u00fade Unimed car\u00eancia zero, \u00e9 se tornando um benefici\u00e1rio de um&nbsp;<a href=\"https:\/\/www.planodesaude.net\/plano-saude-unimed-empresarial\/\" target=\"_blank\" rel=\"noreferrer noopener\">plano empresarial<\/a>.<\/p>\n\n\n\n<p>Por\u00e9m, ainda assim existem algumas regras que devem ser seguidas na&nbsp;Unimed empresarial&nbsp;e voc\u00ea pode conferi-las diretamente com a sua empresa.<\/p>\n\n\n\n<p>Vale mencionar que, caso voc\u00ea pretenda acrescentar dependentes no seu plano, eles tamb\u00e9m poder\u00e3o usufruir do plano de sa\u00fade Unimed car\u00eancia zero.<\/p>\n\n\n\n<p>Essa \u00e9 uma op\u00e7\u00e3o v\u00e1lida tamb\u00e9m para os planos de PME, mas neste caso, depender\u00e1 da quantidade de vidas inclusas para conseguir a isen\u00e7\u00e3o.<\/p>\n\n\n\n<p>Se voc\u00ea n\u00e3o se encaixa em nenhum desses perfis, entre em contato com a operadora de plano de sa\u00fade e solicite mais informa\u00e7\u00f5es sobre as possibilidades relacionadas \u00e0 car\u00eancia do plano de sa\u00fade Unimed.<\/p>\n\n\n\n<p><a href=\"https:\/\/www.unimed.coop.br\/site\/sistema-unimed\">https:\/\/www.unimed.coop.br\/site\/sistema-unimed<\/a><\/p>\n\n\n\n<p>Fonte:  <a href=\"https:\/\/www.planodesaude.net\/Qual-a-carencia-do-plano-de-saude-unimed\/\">https:\/\/www.planodesaude.net\/Qual-a-carencia-do-plano-de-saude-unimed\/<\/a><\/p>\n","protected":false},"excerpt":{"rendered":"<p>Ouviu falar sobre per\u00edodo de car\u00eancia e n\u00e3o sabe muito bem do que se trata ou qual \u00e9 a car\u00eancia do plano de sa\u00fade Unimed? Fique tranquilo, neste artigo, explicaremos melhor e assunto e mostraremos os per\u00edodos de car\u00eancia previstos por lei. *Este texto \u00e9 de conte\u00fado editorial&nbsp;e n\u00e3o garante a comercializa\u00e7\u00e3o deste produto nesse&hellip;<\/p>\n","protected":false},"author":1,"featured_media":0,"comment_status":"open","ping_status":"open","sticky":false,"template":"","format":"standard","meta":{"footnotes":""},"categories":[4],"tags":[16,37,5],"class_list":["post-1790","post","type-post","status-publish","format-standard","hentry","category-mioma","tag-embolizacaodemioma","tag-histerectomia","tag-mioma"],"yoast_head":"<!-- This site is optimized with the Yoast SEO plugin v23.0 - https:\/\/yoast.com\/wordpress\/plugins\/seo\/ -->\n<title>Car\u00eancia de 180 dias para Emboliza\u00e7\u00e3o de Mioma na UNIMED - Viamed<\/title>\n<meta name=\"robots\" content=\"index, follow, max-snippet:-1, max-image-preview:large, max-video-preview:-1\" \/>\n<link rel=\"canonical\" href=\"https:\/\/www.viamed.com.br\/informativo\/2022\/06\/20\/carencia-de-180-dias-para-embolizacao-de-mioma-na-unimed\/\" \/>\n<meta property=\"og:locale\" content=\"pt_BR\" \/>\n<meta property=\"og:type\" content=\"article\" \/>\n<meta property=\"og:title\" content=\"Car\u00eancia de 180 dias para Emboliza\u00e7\u00e3o de Mioma na UNIMED - Viamed\" \/>\n<meta property=\"og:description\" content=\"Ouviu falar sobre per\u00edodo de car\u00eancia e n\u00e3o sabe muito bem do que se trata ou qual \u00e9 a car\u00eancia do plano de sa\u00fade Unimed? Fique tranquilo, neste artigo, explicaremos melhor e assunto e mostraremos os per\u00edodos de car\u00eancia previstos por lei. *Este texto \u00e9 de conte\u00fado editorial&nbsp;e n\u00e3o garante a comercializa\u00e7\u00e3o deste produto nesse&hellip;\" \/>\n<meta property=\"og:url\" content=\"https:\/\/www.viamed.com.br\/informativo\/2022\/06\/20\/carencia-de-180-dias-para-embolizacao-de-mioma-na-unimed\/\" \/>\n<meta property=\"og:site_name\" content=\"Viamed\" \/>\n<meta property=\"article:publisher\" content=\"https:\/\/www.facebook.com\/viamed.mioma\" \/>\n<meta property=\"article:published_time\" content=\"2022-06-20T19:26:54+00:00\" \/>\n<meta property=\"article:modified_time\" content=\"2023-01-05T17:08:50+00:00\" \/>\n<meta property=\"og:image\" content=\"https:\/\/d1cphpu1f2jis8.cloudfront.net\/wp-content\/uploads\/2019\/07\/plano-saude-40.jpg\" \/>\n<meta name=\"author\" content=\"admin\" \/>\n<meta name=\"twitter:card\" content=\"summary_large_image\" \/>\n<meta name=\"twitter:label1\" content=\"Escrito por\" \/>\n\t<meta name=\"twitter:data1\" content=\"admin\" \/>\n\t<meta name=\"twitter:label2\" content=\"Est. tempo de leitura\" \/>\n\t<meta name=\"twitter:data2\" content=\"10 minutos\" \/>\n<script type=\"application\/ld+json\" class=\"yoast-schema-graph\">{\"@context\":\"https:\/\/schema.org\",\"@graph\":[{\"@type\":\"Article\",\"@id\":\"https:\/\/www.viamed.com.br\/informativo\/2022\/06\/20\/carencia-de-180-dias-para-embolizacao-de-mioma-na-unimed\/#article\",\"isPartOf\":{\"@id\":\"https:\/\/www.viamed.com.br\/informativo\/2022\/06\/20\/carencia-de-180-dias-para-embolizacao-de-mioma-na-unimed\/\"},\"author\":{\"name\":\"admin\",\"@id\":\"https:\/\/www.viamed.com.br\/informativo\/#\/schema\/person\/1c7c2bc772df8765189ee5863a754763\"},\"headline\":\"Car\u00eancia de 180 dias para Emboliza\u00e7\u00e3o de Mioma na UNIMED\",\"datePublished\":\"2022-06-20T19:26:54+00:00\",\"dateModified\":\"2023-01-05T17:08:50+00:00\",\"mainEntityOfPage\":{\"@id\":\"https:\/\/www.viamed.com.br\/informativo\/2022\/06\/20\/carencia-de-180-dias-para-embolizacao-de-mioma-na-unimed\/\"},\"wordCount\":1953,\"commentCount\":26,\"publisher\":{\"@id\":\"https:\/\/www.viamed.com.br\/informativo\/#organization\"},\"image\":{\"@id\":\"https:\/\/www.viamed.com.br\/informativo\/2022\/06\/20\/carencia-de-180-dias-para-embolizacao-de-mioma-na-unimed\/#primaryimage\"},\"thumbnailUrl\":\"https:\/\/d1cphpu1f2jis8.cloudfront.net\/wp-content\/uploads\/2019\/07\/plano-saude-40.jpg\",\"keywords\":[\"embolizacaodemioma\",\"histerectomia\",\"mioma\"],\"articleSection\":[\"Mioma\"],\"inLanguage\":\"pt-BR\",\"potentialAction\":[{\"@type\":\"CommentAction\",\"name\":\"Comment\",\"target\":[\"https:\/\/www.viamed.com.br\/informativo\/2022\/06\/20\/carencia-de-180-dias-para-embolizacao-de-mioma-na-unimed\/#respond\"]}]},{\"@type\":\"WebPage\",\"@id\":\"https:\/\/www.viamed.com.br\/informativo\/2022\/06\/20\/carencia-de-180-dias-para-embolizacao-de-mioma-na-unimed\/\",\"url\":\"https:\/\/www.viamed.com.br\/informativo\/2022\/06\/20\/carencia-de-180-dias-para-embolizacao-de-mioma-na-unimed\/\",\"name\":\"Car\u00eancia de 180 dias para Emboliza\u00e7\u00e3o de Mioma na UNIMED - Viamed\",\"isPartOf\":{\"@id\":\"https:\/\/www.viamed.com.br\/informativo\/#website\"},\"primaryImageOfPage\":{\"@id\":\"https:\/\/www.viamed.com.br\/informativo\/2022\/06\/20\/carencia-de-180-dias-para-embolizacao-de-mioma-na-unimed\/#primaryimage\"},\"image\":{\"@id\":\"https:\/\/www.viamed.com.br\/informativo\/2022\/06\/20\/carencia-de-180-dias-para-embolizacao-de-mioma-na-unimed\/#primaryimage\"},\"thumbnailUrl\":\"https:\/\/d1cphpu1f2jis8.cloudfront.net\/wp-content\/uploads\/2019\/07\/plano-saude-40.jpg\",\"datePublished\":\"2022-06-20T19:26:54+00:00\",\"dateModified\":\"2023-01-05T17:08:50+00:00\",\"breadcrumb\":{\"@id\":\"https:\/\/www.viamed.com.br\/informativo\/2022\/06\/20\/carencia-de-180-dias-para-embolizacao-de-mioma-na-unimed\/#breadcrumb\"},\"inLanguage\":\"pt-BR\",\"potentialAction\":[{\"@type\":\"ReadAction\",\"target\":[\"https:\/\/www.viamed.com.br\/informativo\/2022\/06\/20\/carencia-de-180-dias-para-embolizacao-de-mioma-na-unimed\/\"]}]},{\"@type\":\"ImageObject\",\"inLanguage\":\"pt-BR\",\"@id\":\"https:\/\/www.viamed.com.br\/informativo\/2022\/06\/20\/carencia-de-180-dias-para-embolizacao-de-mioma-na-unimed\/#primaryimage\",\"url\":\"https:\/\/d1cphpu1f2jis8.cloudfront.net\/wp-content\/uploads\/2019\/07\/plano-saude-40.jpg\",\"contentUrl\":\"https:\/\/d1cphpu1f2jis8.cloudfront.net\/wp-content\/uploads\/2019\/07\/plano-saude-40.jpg\"},{\"@type\":\"BreadcrumbList\",\"@id\":\"https:\/\/www.viamed.com.br\/informativo\/2022\/06\/20\/carencia-de-180-dias-para-embolizacao-de-mioma-na-unimed\/#breadcrumb\",\"itemListElement\":[{\"@type\":\"ListItem\",\"position\":1,\"name\":\"In\u00edcio\",\"item\":\"https:\/\/www.viamed.com.br\/informativo\/\"},{\"@type\":\"ListItem\",\"position\":2,\"name\":\"Car\u00eancia de 180 dias para Emboliza\u00e7\u00e3o de Mioma na UNIMED\"}]},{\"@type\":\"WebSite\",\"@id\":\"https:\/\/www.viamed.com.br\/informativo\/#website\",\"url\":\"https:\/\/www.viamed.com.br\/informativo\/\",\"name\":\"Viamed\",\"description\":\"\",\"publisher\":{\"@id\":\"https:\/\/www.viamed.com.br\/informativo\/#organization\"},\"potentialAction\":[{\"@type\":\"SearchAction\",\"target\":{\"@type\":\"EntryPoint\",\"urlTemplate\":\"https:\/\/www.viamed.com.br\/informativo\/?s={search_term_string}\"},\"query-input\":\"required name=search_term_string\"}],\"inLanguage\":\"pt-BR\"},{\"@type\":\"Organization\",\"@id\":\"https:\/\/www.viamed.com.br\/informativo\/#organization\",\"name\":\"Viamed\",\"url\":\"https:\/\/www.viamed.com.br\/informativo\/\",\"logo\":{\"@type\":\"ImageObject\",\"inLanguage\":\"pt-BR\",\"@id\":\"https:\/\/www.viamed.com.br\/informativo\/#\/schema\/logo\/image\/\",\"url\":\"https:\/\/www.viamed.com.br\/informativo\/wp-content\/uploads\/2019\/09\/logo-viamed.png\",\"contentUrl\":\"https:\/\/www.viamed.com.br\/informativo\/wp-content\/uploads\/2019\/09\/logo-viamed.png\",\"width\":197,\"height\":75,\"caption\":\"Viamed\"},\"image\":{\"@id\":\"https:\/\/www.viamed.com.br\/informativo\/#\/schema\/logo\/image\/\"},\"sameAs\":[\"https:\/\/www.facebook.com\/viamed.mioma\",\"https:\/\/www.instagram.com\/mioma.viamed\"]},{\"@type\":\"Person\",\"@id\":\"https:\/\/www.viamed.com.br\/informativo\/#\/schema\/person\/1c7c2bc772df8765189ee5863a754763\",\"name\":\"admin\",\"image\":{\"@type\":\"ImageObject\",\"inLanguage\":\"pt-BR\",\"@id\":\"https:\/\/www.viamed.com.br\/informativo\/#\/schema\/person\/image\/\",\"url\":\"https:\/\/secure.gravatar.com\/avatar\/0422a2a2c983fd2acf77c35c774a48727762450e3e782846a53b5d4027b0f0b3?s=96&d=mm&r=g\",\"contentUrl\":\"https:\/\/secure.gravatar.com\/avatar\/0422a2a2c983fd2acf77c35c774a48727762450e3e782846a53b5d4027b0f0b3?s=96&d=mm&r=g\",\"caption\":\"admin\"}}]}<\/script>\n<!-- \/ Yoast SEO plugin. -->","yoast_head_json":{"title":"Car\u00eancia de 180 dias para Emboliza\u00e7\u00e3o de Mioma na UNIMED - Viamed","robots":{"index":"index","follow":"follow","max-snippet":"max-snippet:-1","max-image-preview":"max-image-preview:large","max-video-preview":"max-video-preview:-1"},"canonical":"https:\/\/www.viamed.com.br\/informativo\/2022\/06\/20\/carencia-de-180-dias-para-embolizacao-de-mioma-na-unimed\/","og_locale":"pt_BR","og_type":"article","og_title":"Car\u00eancia de 180 dias para Emboliza\u00e7\u00e3o de Mioma na UNIMED - Viamed","og_description":"Ouviu falar sobre per\u00edodo de car\u00eancia e n\u00e3o sabe muito bem do que se trata ou qual \u00e9 a car\u00eancia do plano de sa\u00fade Unimed? Fique tranquilo, neste artigo, explicaremos melhor e assunto e mostraremos os per\u00edodos de car\u00eancia previstos por lei. *Este texto \u00e9 de conte\u00fado editorial&nbsp;e n\u00e3o garante a comercializa\u00e7\u00e3o deste produto nesse&hellip;","og_url":"https:\/\/www.viamed.com.br\/informativo\/2022\/06\/20\/carencia-de-180-dias-para-embolizacao-de-mioma-na-unimed\/","og_site_name":"Viamed","article_publisher":"https:\/\/www.facebook.com\/viamed.mioma","article_published_time":"2022-06-20T19:26:54+00:00","article_modified_time":"2023-01-05T17:08:50+00:00","og_image":[{"url":"https:\/\/d1cphpu1f2jis8.cloudfront.net\/wp-content\/uploads\/2019\/07\/plano-saude-40.jpg"}],"author":"admin","twitter_card":"summary_large_image","twitter_misc":{"Escrito por":"admin","Est. tempo de leitura":"10 minutos"},"schema":{"@context":"https:\/\/schema.org","@graph":[{"@type":"Article","@id":"https:\/\/www.viamed.com.br\/informativo\/2022\/06\/20\/carencia-de-180-dias-para-embolizacao-de-mioma-na-unimed\/#article","isPartOf":{"@id":"https:\/\/www.viamed.com.br\/informativo\/2022\/06\/20\/carencia-de-180-dias-para-embolizacao-de-mioma-na-unimed\/"},"author":{"name":"admin","@id":"https:\/\/www.viamed.com.br\/informativo\/#\/schema\/person\/1c7c2bc772df8765189ee5863a754763"},"headline":"Car\u00eancia de 180 dias para Emboliza\u00e7\u00e3o de Mioma na UNIMED","datePublished":"2022-06-20T19:26:54+00:00","dateModified":"2023-01-05T17:08:50+00:00","mainEntityOfPage":{"@id":"https:\/\/www.viamed.com.br\/informativo\/2022\/06\/20\/carencia-de-180-dias-para-embolizacao-de-mioma-na-unimed\/"},"wordCount":1953,"commentCount":26,"publisher":{"@id":"https:\/\/www.viamed.com.br\/informativo\/#organization"},"image":{"@id":"https:\/\/www.viamed.com.br\/informativo\/2022\/06\/20\/carencia-de-180-dias-para-embolizacao-de-mioma-na-unimed\/#primaryimage"},"thumbnailUrl":"https:\/\/d1cphpu1f2jis8.cloudfront.net\/wp-content\/uploads\/2019\/07\/plano-saude-40.jpg","keywords":["embolizacaodemioma","histerectomia","mioma"],"articleSection":["Mioma"],"inLanguage":"pt-BR","potentialAction":[{"@type":"CommentAction","name":"Comment","target":["https:\/\/www.viamed.com.br\/informativo\/2022\/06\/20\/carencia-de-180-dias-para-embolizacao-de-mioma-na-unimed\/#respond"]}]},{"@type":"WebPage","@id":"https:\/\/www.viamed.com.br\/informativo\/2022\/06\/20\/carencia-de-180-dias-para-embolizacao-de-mioma-na-unimed\/","url":"https:\/\/www.viamed.com.br\/informativo\/2022\/06\/20\/carencia-de-180-dias-para-embolizacao-de-mioma-na-unimed\/","name":"Car\u00eancia de 180 dias para Emboliza\u00e7\u00e3o de Mioma na UNIMED - Viamed","isPartOf":{"@id":"https:\/\/www.viamed.com.br\/informativo\/#website"},"primaryImageOfPage":{"@id":"https:\/\/www.viamed.com.br\/informativo\/2022\/06\/20\/carencia-de-180-dias-para-embolizacao-de-mioma-na-unimed\/#primaryimage"},"image":{"@id":"https:\/\/www.viamed.com.br\/informativo\/2022\/06\/20\/carencia-de-180-dias-para-embolizacao-de-mioma-na-unimed\/#primaryimage"},"thumbnailUrl":"https:\/\/d1cphpu1f2jis8.cloudfront.net\/wp-content\/uploads\/2019\/07\/plano-saude-40.jpg","datePublished":"2022-06-20T19:26:54+00:00","dateModified":"2023-01-05T17:08:50+00:00","breadcrumb":{"@id":"https:\/\/www.viamed.com.br\/informativo\/2022\/06\/20\/carencia-de-180-dias-para-embolizacao-de-mioma-na-unimed\/#breadcrumb"},"inLanguage":"pt-BR","potentialAction":[{"@type":"ReadAction","target":["https:\/\/www.viamed.com.br\/informativo\/2022\/06\/20\/carencia-de-180-dias-para-embolizacao-de-mioma-na-unimed\/"]}]},{"@type":"ImageObject","inLanguage":"pt-BR","@id":"https:\/\/www.viamed.com.br\/informativo\/2022\/06\/20\/carencia-de-180-dias-para-embolizacao-de-mioma-na-unimed\/#primaryimage","url":"https:\/\/d1cphpu1f2jis8.cloudfront.net\/wp-content\/uploads\/2019\/07\/plano-saude-40.jpg","contentUrl":"https:\/\/d1cphpu1f2jis8.cloudfront.net\/wp-content\/uploads\/2019\/07\/plano-saude-40.jpg"},{"@type":"BreadcrumbList","@id":"https:\/\/www.viamed.com.br\/informativo\/2022\/06\/20\/carencia-de-180-dias-para-embolizacao-de-mioma-na-unimed\/#breadcrumb","itemListElement":[{"@type":"ListItem","position":1,"name":"In\u00edcio","item":"https:\/\/www.viamed.com.br\/informativo\/"},{"@type":"ListItem","position":2,"name":"Car\u00eancia de 180 dias para Emboliza\u00e7\u00e3o de Mioma na UNIMED"}]},{"@type":"WebSite","@id":"https:\/\/www.viamed.com.br\/informativo\/#website","url":"https:\/\/www.viamed.com.br\/informativo\/","name":"Viamed","description":"","publisher":{"@id":"https:\/\/www.viamed.com.br\/informativo\/#organization"},"potentialAction":[{"@type":"SearchAction","target":{"@type":"EntryPoint","urlTemplate":"https:\/\/www.viamed.com.br\/informativo\/?s={search_term_string}"},"query-input":"required name=search_term_string"}],"inLanguage":"pt-BR"},{"@type":"Organization","@id":"https:\/\/www.viamed.com.br\/informativo\/#organization","name":"Viamed","url":"https:\/\/www.viamed.com.br\/informativo\/","logo":{"@type":"ImageObject","inLanguage":"pt-BR","@id":"https:\/\/www.viamed.com.br\/informativo\/#\/schema\/logo\/image\/","url":"https:\/\/www.viamed.com.br\/informativo\/wp-content\/uploads\/2019\/09\/logo-viamed.png","contentUrl":"https:\/\/www.viamed.com.br\/informativo\/wp-content\/uploads\/2019\/09\/logo-viamed.png","width":197,"height":75,"caption":"Viamed"},"image":{"@id":"https:\/\/www.viamed.com.br\/informativo\/#\/schema\/logo\/image\/"},"sameAs":["https:\/\/www.facebook.com\/viamed.mioma","https:\/\/www.instagram.com\/mioma.viamed"]},{"@type":"Person","@id":"https:\/\/www.viamed.com.br\/informativo\/#\/schema\/person\/1c7c2bc772df8765189ee5863a754763","name":"admin","image":{"@type":"ImageObject","inLanguage":"pt-BR","@id":"https:\/\/www.viamed.com.br\/informativo\/#\/schema\/person\/image\/","url":"https:\/\/secure.gravatar.com\/avatar\/0422a2a2c983fd2acf77c35c774a48727762450e3e782846a53b5d4027b0f0b3?s=96&d=mm&r=g","contentUrl":"https:\/\/secure.gravatar.com\/avatar\/0422a2a2c983fd2acf77c35c774a48727762450e3e782846a53b5d4027b0f0b3?s=96&d=mm&r=g","caption":"admin"}}]}},"_links":{"self":[{"href":"https:\/\/www.viamed.com.br\/informativo\/wp-json\/wp\/v2\/posts\/1790","targetHints":{"allow":["GET"]}}],"collection":[{"href":"https:\/\/www.viamed.com.br\/informativo\/wp-json\/wp\/v2\/posts"}],"about":[{"href":"https:\/\/www.viamed.com.br\/informativo\/wp-json\/wp\/v2\/types\/post"}],"author":[{"embeddable":true,"href":"https:\/\/www.viamed.com.br\/informativo\/wp-json\/wp\/v2\/users\/1"}],"replies":[{"embeddable":true,"href":"https:\/\/www.viamed.com.br\/informativo\/wp-json\/wp\/v2\/comments?post=1790"}],"version-history":[{"count":6,"href":"https:\/\/www.viamed.com.br\/informativo\/wp-json\/wp\/v2\/posts\/1790\/revisions"}],"predecessor-version":[{"id":1942,"href":"https:\/\/www.viamed.com.br\/informativo\/wp-json\/wp\/v2\/posts\/1790\/revisions\/1942"}],"wp:attachment":[{"href":"https:\/\/www.viamed.com.br\/informativo\/wp-json\/wp\/v2\/media?parent=1790"}],"wp:term":[{"taxonomy":"category","embeddable":true,"href":"https:\/\/www.viamed.com.br\/informativo\/wp-json\/wp\/v2\/categories?post=1790"},{"taxonomy":"post_tag","embeddable":true,"href":"https:\/\/www.viamed.com.br\/informativo\/wp-json\/wp\/v2\/tags?post=1790"}],"curies":[{"name":"wp","href":"https:\/\/api.w.org\/{rel}","templated":true}]}}